{"id":5868,"date":"2019-01-28T11:57:10","date_gmt":"2019-01-28T09:57:10","guid":{"rendered":"https:\/\/www.puszczyk.info\/?p=5868"},"modified":"2019-01-29T09:29:12","modified_gmt":"2019-01-29T07:29:12","slug":"zmarl-kolega-adam-stopinski","status":"publish","type":"post","link":"https:\/\/www.puszczyk.info\/?p=5868","title":{"rendered":"Zmar\u0142 kolega Adam Stopi\u0144ski"},"content":{"rendered":"\n<div class=\"wp-block-image\"><figure class=\"aligncenter is-resized\"><img loading=\"lazy\" decoding=\"async\" src=\"https:\/\/www.puszczyk.info\/wp-content\/uploads\/2019\/01\/krzyz1-1024x297.png\" alt=\"\" class=\"wp-image-5886\" width=\"271\" height=\"79\"\/><\/figure><\/div>\n\n\n\n<p style=\"text-align:center\">Z g\u0142\u0119bokim \u017calem zawiadamiamy, i\u017c w dniu 26 stycznia 2019 roku zmar\u0142 w wieku 86 lat<\/p>\n\n\n\n<p style=\"text-align:center\"><strong>kolega Adam Stopi\u0144ski<\/strong><\/p>\n\n\n\n<p style=\"text-align:center\">najstarszy my\u015bliwy i d\u0142ugoletni cz\u0142onek&nbsp;naszego Ko\u0142a.<\/p>\n\n\n\n<p style=\"text-align:center\">Uroczysto\u015bci pogrzebowe odb\u0119d\u0105 si\u0119 w ko\u015bciele parafialnym pw Wszystkich\u00a0\u015awi\u0119tych w \u017belaznej (\u017belazna 1, 96-116 D\u0119bowa G\u00f3ra) <strong>w \u015brod\u0119 30 stycznia o godzinie 12<\/strong>.<\/p>\n\n\n\n<blockquote class=\"wp-block-quote is-style-default is-layout-flow wp-block-quote-is-layout-flow\"><p>Niech knieja wiecznie szumi nad Jego mogi\u0142\u0105<br><\/p><\/blockquote>\n\n\n\n<p style=\"text-align:right\"><em>Zarz\u0105d K\u0141 \u201ePuszczyk\u201d,&nbsp;koledzy&nbsp;i&nbsp;przyjaciele<\/em><br><\/p>\n\n\n\n<div class=\"wp-block-image\"><figure class=\"aligncenter\"><img loading=\"lazy\" decoding=\"async\" width=\"662\" height=\"1024\" src=\"https:\/\/www.puszczyk.info\/wp-content\/uploads\/2019\/01\/astopinski-662x1024.jpg\" alt=\"\" class=\"wp-image-5894\" srcset=\"https:\/\/www.puszczyk.info\/wp-content\/uploads\/2019\/01\/astopinski-662x1024.jpg 662w, https:\/\/www.puszczyk.info\/wp-content\/uploads\/2019\/01\/astopinski-194x300.jpg 194w, https:\/\/www.puszczyk.info\/wp-content\/uploads\/2019\/01\/astopinski-768x1188.jpg 768w, https:\/\/www.puszczyk.info\/wp-content\/uploads\/2019\/01\/astopinski-960x1485.jpg 960w, https:\/\/www.puszczyk.info\/wp-content\/uploads\/2019\/01\/astopinski.jpg 1841w\" sizes=\"auto, (max-width: 662px) 100vw, 662px\" \/><\/figure><\/div>\n","protected":false},"excerpt":{"rendered":"<p>Z g\u0142\u0119bokim \u017calem zawiadamiamy, i\u017c w dniu 26 stycznia 2019 roku zmar\u0142 w wieku 86 lat kolega Adam Stopi\u0144ski najstarszy my\u015bliwy i d\u0142ugoletni cz\u0142onek&nbsp;naszego Ko\u0142a. Uroczysto\u015bci pogrzebowe odb\u0119d\u0105 si\u0119 w ko\u015bciele parafialnym pw Wszystkich\u00a0\u015awi\u0119tych w \u017belaznej (\u017belazna 1, 96-116 D\u0119bowa G\u00f3ra) w \u015brod\u0119 30 stycznia o godzinie 12. Niech knieja wiecznie szumi nad Jego mogi\u0142\u0105 <a href=\"https:\/\/www.puszczyk.info\/?p=5868\" class=\"more-link\">Czytaj dalej...<span class=\"screen-reader-text\"> \"Zmar\u0142 kolega Adam Stopi\u0144ski\"<\/span><\/a><\/p>\n","protected":false},"author":7,"featured_media":5872,"comment_status":"closed","ping_status":"open","sticky":false,"template":"","format":"standard","meta":{"_bbp_topic_count":0,"_bbp_reply_count":0,"_bbp_total_topic_count":0,"_bbp_total_reply_count":0,"_bbp_voice_count":0,"_bbp_anonymous_reply_count":0,"_bbp_topic_count_hidden":0,"_bbp_reply_count_hidden":0,"_bbp_forum_subforum_count":0,"ngg_post_thumbnail":0,"footnotes":""},"categories":[1],"tags":[],"class_list":{"0":"post-5868","1":"post","2":"type-post","3":"status-publish","4":"format-standard","5":"has-post-thumbnail","7":"category-uncategorized","8":"h-entry","9":"hentry","10":"h-as-article"},"publishpress_future_workflow_manual_trigger":{"enabledWorkflows":[]},"_links":{"self":[{"href":"https:\/\/www.puszczyk.info\/index.php?rest_route=\/wp\/v2\/posts\/5868","targetHints":{"allow":["GET"]}}],"collection":[{"href":"https:\/\/www.puszczyk.info\/index.php?rest_route=\/wp\/v2\/posts"}],"about":[{"href":"https:\/\/www.puszczyk.info\/index.php?rest_route=\/wp\/v2\/types\/post"}],"author":[{"embeddable":true,"href":"https:\/\/www.puszczyk.info\/index.php?rest_route=\/wp\/v2\/users\/7"}],"replies":[{"embeddable":true,"href":"https:\/\/www.puszczyk.info\/index.php?rest_route=%2Fwp%2Fv2%2Fcomments&post=5868"}],"version-history":[{"count":16,"href":"https:\/\/www.puszczyk.info\/index.php?rest_route=\/wp\/v2\/posts\/5868\/revisions"}],"predecessor-version":[{"id":5901,"href":"https:\/\/www.puszczyk.info\/index.php?rest_route=\/wp\/v2\/posts\/5868\/revisions\/5901"}],"wp:featuredmedia":[{"embeddable":true,"href":"https:\/\/www.puszczyk.info\/index.php?rest_route=\/wp\/v2\/media\/5872"}],"wp:attachment":[{"href":"https:\/\/www.puszczyk.info\/index.php?rest_route=%2Fwp%2Fv2%2Fmedia&parent=5868"}],"wp:term":[{"taxonomy":"category","embeddable":true,"href":"https:\/\/www.puszczyk.info\/index.php?rest_route=%2Fwp%2Fv2%2Fcategories&post=5868"},{"taxonomy":"post_tag","embeddable":true,"href":"https:\/\/www.puszczyk.info\/index.php?rest_route=%2Fwp%2Fv2%2Ftags&post=5868"}],"curies":[{"name":"wp","href":"https:\/\/api.w.org\/{rel}","templated":true}]}}