{"id":5909,"date":"2019-03-13T15:45:57","date_gmt":"2019-03-13T13:45:57","guid":{"rendered":"https:\/\/www.puszczyk.info\/?p=5909"},"modified":"2019-03-14T13:17:53","modified_gmt":"2019-03-14T11:17:53","slug":"prace-przy-kwaterze-mlawa","status":"publish","type":"post","link":"https:\/\/www.puszczyk.info\/?p=5909","title":{"rendered":"Prace przy kwaterze &#8211; M\u0142awa"},"content":{"rendered":"\n<div class=\"wp-block-columns has-2-columns is-layout-flex wp-container-core-columns-is-layout-9d6595d7 wp-block-columns-is-layout-flex\">\n<div class=\"wp-block-column is-layout-flow wp-block-column-is-layout-flow\">\n<h3 class=\"wp-block-heading\">Zawiadomienie<\/h3>\n\n\n\n<p><\/p>\n<\/div>\n\n\n\n<div class=\"wp-block-column is-layout-flow wp-block-column-is-layout-flow\">\n<p style=\"text-align:right\">Warszawa, 26 luty 2019&nbsp; r.<\/p>\n<\/div>\n<\/div>\n\n\n\n<p>Zarz\u0105d K\u0141 \u201ePuszczyk\u201d informuje <font color=\"red\">koleg\u00f3w zamieszkuj\u0105cych w obwodzie m\u0142awskim<\/font> o pracach zaplanowanych przy remoncie Kwatery My\u015bliwskiej w obwodzie 81 w M\u0142awie w nast\u0119puj\u0105cych terminach:<\/p>\n\n\n\n<ul class=\"wp-block-list\"><li>23 marca br<\/li><li>6 kwietnia br<\/li><\/ul>\n\n\n\n<p>Zbi\u00f3rka przy kwaterze o godz. 9.00.<\/p>\n\n\n\n<p><strong>W przypadku niemo\u017cno\u015bci odbycia prac lub nie wyznaczenia zast\u0119pstwa, nale\u017cy wp\u0142aci\u0107 na fundusz celowy Ko\u0142a nr PKO BP Bank Polski SA 49&nbsp;1440&nbsp;1387 0000 0000 1654 0188 rekompensat\u0119 w wysoko\u015bci 150 z\u0142 za nie odbyty wyjazd, w terminie nie przekraczaj\u0105cym 14 dni od wyznaczonej daty prac.<\/strong><\/p>\n\n\n\n<p>DARZ B\u00d3R.<\/p>\n\n\n\n<p style=\"text-align:right\">W imieniu Zarz\u0105du<br>Hubert Lizak <br>Sekretarz <\/p>\n","protected":false},"excerpt":{"rendered":"<p>Zawiadomienie Warszawa, 26 luty 2019&nbsp; r. Zarz\u0105d K\u0141 \u201ePuszczyk\u201d informuje koleg\u00f3w zamieszkuj\u0105cych w obwodzie m\u0142awskim o pracach zaplanowanych przy remoncie Kwatery My\u015bliwskiej w obwodzie 81 w M\u0142awie w nast\u0119puj\u0105cych terminach: 23 marca br 6 kwietnia br Zbi\u00f3rka przy kwaterze o godz. 9.00. W przypadku niemo\u017cno\u015bci odbycia prac lub nie wyznaczenia zast\u0119pstwa, nale\u017cy wp\u0142aci\u0107 na fundusz <a href=\"https:\/\/www.puszczyk.info\/?p=5909\" class=\"more-link\">Czytaj dalej...<span class=\"screen-reader-text\"> \"Prace przy kwaterze &#8211; M\u0142awa\"<\/span><\/a><\/p>\n","protected":false},"author":7,"featured_media":0,"comment_status":"closed","ping_status":"open","sticky":false,"template":"","format":"standard","meta":{"_bbp_topic_count":0,"_bbp_reply_count":0,"_bbp_total_topic_count":0,"_bbp_total_reply_count":0,"_bbp_voice_count":0,"_bbp_anonymous_reply_count":0,"_bbp_topic_count_hidden":0,"_bbp_reply_count_hidden":0,"_bbp_forum_subforum_count":0,"ngg_post_thumbnail":0,"footnotes":""},"categories":[1],"tags":[],"class_list":{"0":"post-5909","1":"post","2":"type-post","3":"status-publish","4":"format-standard","6":"category-uncategorized","7":"h-entry","8":"hentry","9":"h-as-article"},"publishpress_future_workflow_manual_trigger":{"enabledWorkflows":[]},"_links":{"self":[{"href":"https:\/\/www.puszczyk.info\/index.php?rest_route=\/wp\/v2\/posts\/5909","targetHints":{"allow":["GET"]}}],"collection":[{"href":"https:\/\/www.puszczyk.info\/index.php?rest_route=\/wp\/v2\/posts"}],"about":[{"href":"https:\/\/www.puszczyk.info\/index.php?rest_route=\/wp\/v2\/types\/post"}],"author":[{"embeddable":true,"href":"https:\/\/www.puszczyk.info\/index.php?rest_route=\/wp\/v2\/users\/7"}],"replies":[{"embeddable":true,"href":"https:\/\/www.puszczyk.info\/index.php?rest_route=%2Fwp%2Fv2%2Fcomments&post=5909"}],"version-history":[{"count":6,"href":"https:\/\/www.puszczyk.info\/index.php?rest_route=\/wp\/v2\/posts\/5909\/revisions"}],"predecessor-version":[{"id":5919,"href":"https:\/\/www.puszczyk.info\/index.php?rest_route=\/wp\/v2\/posts\/5909\/revisions\/5919"}],"wp:attachment":[{"href":"https:\/\/www.puszczyk.info\/index.php?rest_route=%2Fwp%2Fv2%2Fmedia&parent=5909"}],"wp:term":[{"taxonomy":"category","embeddable":true,"href":"https:\/\/www.puszczyk.info\/index.php?rest_route=%2Fwp%2Fv2%2Fcategories&post=5909"},{"taxonomy":"post_tag","embeddable":true,"href":"https:\/\/www.puszczyk.info\/index.php?rest_route=%2Fwp%2Fv2%2Ftags&post=5909"}],"curies":[{"name":"wp","href":"https:\/\/api.w.org\/{rel}","templated":true}]}}