{"id":5994,"date":"2019-08-13T00:18:37","date_gmt":"2019-08-12T22:18:37","guid":{"rendered":"https:\/\/www.puszczyk.info\/?p=5994"},"modified":"2019-09-02T13:40:12","modified_gmt":"2019-09-02T11:40:12","slug":"prace-spoleczne","status":"publish","type":"post","link":"https:\/\/www.puszczyk.info\/?p=5994","title":{"rendered":"Prace spo\u0142eczne"},"content":{"rendered":"\n<p>Przypominamy, \u017ce zgodnie z Uchwa\u0142\u0105 Walnego Zgromadzenia K\u0141. \"Puszczyk\" z dnia 12 czerwca 2003r., cz\u0142onk\u00f3w naszego Ko\u0142a obowi\u0105zuje udzia\u0142 w pracy spo\u0142ecznej na terenie dzier\u017cawionych obwod\u00f3w. W tym roku planujemy prace spo\u0142eczne w dniu 14 wrze\u015bnia br. w obwodzie nr 103 (Skierniewice) i w obwodzie nr 81 (M\u0142awa).<br>Do pracy spo\u0142ecznej w obwodzie 103 Zarz\u0105d kieruje nast\u0119puj\u0105cych Koleg\u00f3w:<br>A. Mr\u00f3z, M. Nowakowski, R. Kosmatka, M. Orlowski, P. Lasota, P. Zouner, T. Piszczelski, A. Rzeszotarski, J. Wi\u015bniewski, A. Sobczak, M. Nowicki, Z. Hamu\u0142ka, J. Krasucki, A. Krasucki, M. Suszy\u0144ski, P. W\u00f3jcik, M. Majchrowski, oraz sta\u017cy\u015bci: R. Rusek <br>za\u015b w obwodzie nr 81: L. K\u0119dzierski, Z. \u0141ukasiak, Z. Go\u0142\u0119biewski, K. Wiejak<\/p>\n\n\n\n<p>Zaplanowane prace:<br><\/p>\n\n\n\n<ul class=\"wp-block-list\"><li>prace wyko\u0144czeniowe i porz\u0105dkowe przy nowej kwaterze my\u015bliwskiej w obwodzie 103<\/li><li>wymiana drabin przy ambonach: \u201eza Karolem\u201d, na Ponkach oraz prace porz\u0105dkowe przy kwaterze  my\u015bliwskiej<\/li><\/ul>\n\n\n\n<p>Zbi\u00f3rka o godz. 9.00:<\/p>\n\n\n\n<ul class=\"wp-block-list\"><li>w obwodzie 81 - w kwaterze my\u015bliwskiej w Bo\u0142\u0105kach,<\/li><li>w obwodzie 103 - w kwaterze my\u015bliwskiej na Zalesiu<\/li><\/ul>\n\n\n\n<p>Przypominamy, \u017ce rekompensata za niewykonanie prac na rzecz Ko\u0142a wynosi 150 z\u0142otych lub zorganizowanie zast\u0119pstwa innej osoby, niekoniecznie my\u015bliwego (cz\u0142onka PZ\u0141). Rekompensat\u0119 nale\u017cy wp\u0142aci\u0107 w terminie nie przekraczaj\u0105cym 14 dni od wyznaczonej daty wyjazdu.<\/p>\n","protected":false},"excerpt":{"rendered":"<p>Przypominamy, \u017ce zgodnie z Uchwa\u0142\u0105 Walnego Zgromadzenia K\u0141. \"Puszczyk\" z dnia 12 czerwca 2003r., cz\u0142onk\u00f3w naszego Ko\u0142a obowi\u0105zuje udzia\u0142 w pracy spo\u0142ecznej na terenie dzier\u017cawionych obwod\u00f3w. W tym roku planujemy prace spo\u0142eczne w dniu 14 wrze\u015bnia br. w obwodzie nr 103 (Skierniewice) i w obwodzie nr 81 (M\u0142awa).Do pracy spo\u0142ecznej w obwodzie 103 Zarz\u0105d kieruje <a href=\"https:\/\/www.puszczyk.info\/?p=5994\" class=\"more-link\">Czytaj dalej...<span class=\"screen-reader-text\"> \"Prace spo\u0142eczne\"<\/span><\/a><\/p>\n","protected":false},"author":2,"featured_media":0,"comment_status":"closed","ping_status":"open","sticky":false,"template":"","format":"standard","meta":{"_bbp_topic_count":0,"_bbp_reply_count":0,"_bbp_total_topic_count":0,"_bbp_total_reply_count":0,"_bbp_voice_count":0,"_bbp_anonymous_reply_count":0,"_bbp_topic_count_hidden":0,"_bbp_reply_count_hidden":0,"_bbp_forum_subforum_count":0,"ngg_post_thumbnail":0,"footnotes":""},"categories":[1],"tags":[],"class_list":{"0":"post-5994","1":"post","2":"type-post","3":"status-publish","4":"format-standard","6":"category-uncategorized","7":"h-entry","8":"hentry","9":"h-as-article"},"publishpress_future_workflow_manual_trigger":{"enabledWorkflows":[]},"_links":{"self":[{"href":"https:\/\/www.puszczyk.info\/index.php?rest_route=\/wp\/v2\/posts\/5994","targetHints":{"allow":["GET"]}}],"collection":[{"href":"https:\/\/www.puszczyk.info\/index.php?rest_route=\/wp\/v2\/posts"}],"about":[{"href":"https:\/\/www.puszczyk.info\/index.php?rest_route=\/wp\/v2\/types\/post"}],"author":[{"embeddable":true,"href":"https:\/\/www.puszczyk.info\/index.php?rest_route=\/wp\/v2\/users\/2"}],"replies":[{"embeddable":true,"href":"https:\/\/www.puszczyk.info\/index.php?rest_route=%2Fwp%2Fv2%2Fcomments&post=5994"}],"version-history":[{"count":2,"href":"https:\/\/www.puszczyk.info\/index.php?rest_route=\/wp\/v2\/posts\/5994\/revisions"}],"predecessor-version":[{"id":5996,"href":"https:\/\/www.puszczyk.info\/index.php?rest_route=\/wp\/v2\/posts\/5994\/revisions\/5996"}],"wp:attachment":[{"href":"https:\/\/www.puszczyk.info\/index.php?rest_route=%2Fwp%2Fv2%2Fmedia&parent=5994"}],"wp:term":[{"taxonomy":"category","embeddable":true,"href":"https:\/\/www.puszczyk.info\/index.php?rest_route=%2Fwp%2Fv2%2Fcategories&post=5994"},{"taxonomy":"post_tag","embeddable":true,"href":"https:\/\/www.puszczyk.info\/index.php?rest_route=%2Fwp%2Fv2%2Ftags&post=5994"}],"curies":[{"name":"wp","href":"https:\/\/api.w.org\/{rel}","templated":true}]}}