{"id":6078,"date":"2020-06-22T14:25:22","date_gmt":"2020-06-22T12:25:22","guid":{"rendered":"https:\/\/www.puszczyk.info\/?p=6078"},"modified":"2020-06-24T15:16:50","modified_gmt":"2020-06-24T13:16:50","slug":"dyzury-na-burakach-2020-mlawa","status":"publish","type":"post","link":"https:\/\/www.puszczyk.info\/?p=6078","title":{"rendered":"Dy\u017cury na burakach &#8211; 2020 M\u0141AWA"},"content":{"rendered":"\n<p>Drodzy Koledzy,<\/p>\n\n\n\n<p>Ze wzgl\u0119du na konieczno\u015b\u0107 ograniczenia szk\u00f3d \u0142owieckich na polach przylegaj\u0105cych do du\u017cej uprawy rzepaku w miejscowo\u015bci Tyszki- Bregendy Zarz\u0105d zaplanowa\u0142 dy\u017cury na najbli\u017csze tygodnie.<\/p>\n\n\n\n<p>Na pilnowanym obszarze postawiona jest zwy\u017cka. Konieczna jest obecno\u015b\u0107 wieczorem oko\u0142o 20 oraz przed \u015bwitem. Przed wyj\u015bciem prosz\u0119 o wpis do ksi\u0105\u017cki oraz kontakt z koleg\u0105 Wiejakiem.<\/p>\n\n\n\n<p>Prosze powa\u017cnie potraktowa\u0107 obowi\u0105zek dopilnowania upraw. Wygospodarowanie jednego wieczoru w tygodniu jest na pewno mo\u017cliwe do realizacji. Je\u015bli jednak oka\u017ce si\u0119 to niemo\u017cliwe konieczne jest wyznaczenie zast\u0119pstwa we w\u0142asnym zakresie.<\/p>\n\n\n\n<p>Pole burak\u00f3w (w celu \u0142atwiejszej lokalizacji pola):<br><a rel=\"noreferrer noopener\" target=\"_blank\" href=\"https:\/\/goo.gl\/maps\/HMaq1rkgfo9UHDKB8\">https:\/\/goo.gl\/maps\/HMaq1rkgfo9UHDKB8<\/a><\/p>\n\n\n\n<figure class=\"wp-block-table is-style-stripes\"><table><tbody><tr><td>pon<\/td><td>22-06-2020<\/td><td>Wiejak<\/td><td>Krzysztof<\/td><td><\/td><td>&nbsp;<\/td><\/tr><tr><td>wt<\/td><td>23-06-2020<\/td><td>Or\u0142owski<\/td><td>Micha\u0142<\/td><td><\/td><td>&nbsp;<\/td><\/tr><tr><td>sr<\/td><td>24-06-2020<\/td><td>Kwasiborski<\/td><td>Kacper<\/td><td><\/td><td>&nbsp;<\/td><\/tr><tr><td>czw<\/td><td>25-06-2020<\/td><td>Go\u0142\u0119biewski<\/td><td>Zygmunt<\/td><td><\/td><td>&nbsp;<\/td><\/tr><tr><td>pt<\/td><td>26-06-2020<\/td><td>Wiejak<\/td><td>Krzysztof<\/td><td><\/td><td>&nbsp;<\/td><\/tr><tr><td>sob<\/td><td>27-06-2020<\/td><td>Lasota<\/td><td>Przemys\u0142aw<\/td><td>Rusek<\/td><td>Robert<\/td><\/tr><tr><td>nie<\/td><td>28-06-2020<\/td><td>Wi\u015bniewski<\/td><td>Jan<\/td><td>Pietka<\/td><td>Kazimierz<\/td><\/tr><tr><td>pon<\/td><td>29-06-2020<\/td><td>Kwitek<\/td><td>Leszek<\/td><td><\/td><td>&nbsp;<\/td><\/tr><tr><td>wt<\/td><td>30-06-2020<\/td><td>Zouner<\/td><td>Pawe\u0142<\/td><td><\/td><td>&nbsp;<\/td><\/tr><tr><td>sr<\/td><td>01-07-2020<\/td><td>Kwasiborski<\/td><td>Kacper<\/td><td><\/td><td>&nbsp;<\/td><\/tr><tr><td>czw<\/td><td>02-07-2020<\/td><td>\u0141ukasiak<\/td><td>Zbigniew<\/td><td><\/td><td>&nbsp;<\/td><\/tr><tr><td>pt<\/td><td>03-07-2020<\/td><td>Rusek<\/td><td>Robert<\/td><td><\/td><td>&nbsp;<\/td><\/tr><tr><td>sob<\/td><td>04-07-2020<\/td><td>Nowakowski<\/td><td>Marcin<\/td><td><\/td><td>&nbsp;<\/td><\/tr><tr><td>nie<\/td><td>05-07-2020<\/td><td>Krasucki<\/td><td>Aleksander<\/td><td><\/td><td>&nbsp;<\/td><\/tr><tr><td>pon<\/td><td>06-07-2020<\/td><td>Burchard<\/td><td>Patryk<\/td><td><\/td><td>&nbsp;<\/td><\/tr><tr><td>wt<\/td><td>07-07-2020<\/td><td>Majchrowski<\/td><td>Marek<\/td><td><\/td><td>&nbsp;<\/td><\/tr><tr><td>sr<\/td><td>08-07-2020<\/td><td>W\u00f3jcik<\/td><td>Piotr<\/td><td><\/td><td>&nbsp;<\/td><\/tr><tr><td>czw<\/td><td>09-07-2020<\/td><td>Rzeszotarski<\/td><td>Andrzej<\/td><td><\/td><td>&nbsp;<\/td><\/tr><tr><td>pt<\/td><td>10-07-2020<\/td><td>Piszczelski<\/td><td>Tomasz<\/td><td>&nbsp;<\/td><td>&nbsp;<\/td><\/tr><\/tbody><\/table><figcaption>DY\u017bURY na plantacji burakow cukrowych: Olszewo-Bo\u0142\u0105ki , Tyszki-Bregendy<\/figcaption><\/figure>\n","protected":false},"excerpt":{"rendered":"<p>Drodzy Koledzy, Ze wzgl\u0119du na konieczno\u015b\u0107 ograniczenia szk\u00f3d \u0142owieckich na polach przylegaj\u0105cych do du\u017cej uprawy rzepaku w miejscowo\u015bci Tyszki- Bregendy Zarz\u0105d zaplanowa\u0142 dy\u017cury na najbli\u017csze tygodnie. Na pilnowanym obszarze postawiona jest zwy\u017cka. Konieczna jest obecno\u015b\u0107 wieczorem oko\u0142o 20 oraz przed \u015bwitem. Przed wyj\u015bciem prosz\u0119 o wpis do ksi\u0105\u017cki oraz kontakt z koleg\u0105 Wiejakiem. Prosze powa\u017cnie <a href=\"https:\/\/www.puszczyk.info\/?p=6078\" class=\"more-link\">Czytaj dalej...<span class=\"screen-reader-text\"> \"Dy\u017cury na burakach &#8211; 2020 M\u0141AWA\"<\/span><\/a><\/p>\n","protected":false},"author":7,"featured_media":0,"comment_status":"closed","ping_status":"open","sticky":false,"template":"","format":"standard","meta":{"_bbp_topic_count":0,"_bbp_reply_count":0,"_bbp_total_topic_count":0,"_bbp_total_reply_count":0,"_bbp_voice_count":0,"_bbp_anonymous_reply_count":0,"_bbp_topic_count_hidden":0,"_bbp_reply_count_hidden":0,"_bbp_forum_subforum_count":0,"ngg_post_thumbnail":0,"footnotes":""},"categories":[1],"tags":[],"class_list":{"0":"post-6078","1":"post","2":"type-post","3":"status-publish","4":"format-standard","6":"category-uncategorized","7":"h-entry","8":"hentry","9":"h-as-article"},"publishpress_future_workflow_manual_trigger":{"enabledWorkflows":[]},"_links":{"self":[{"href":"https:\/\/www.puszczyk.info\/index.php?rest_route=\/wp\/v2\/posts\/6078","targetHints":{"allow":["GET"]}}],"collection":[{"href":"https:\/\/www.puszczyk.info\/index.php?rest_route=\/wp\/v2\/posts"}],"about":[{"href":"https:\/\/www.puszczyk.info\/index.php?rest_route=\/wp\/v2\/types\/post"}],"author":[{"embeddable":true,"href":"https:\/\/www.puszczyk.info\/index.php?rest_route=\/wp\/v2\/users\/7"}],"replies":[{"embeddable":true,"href":"https:\/\/www.puszczyk.info\/index.php?rest_route=%2Fwp%2Fv2%2Fcomments&post=6078"}],"version-history":[{"count":5,"href":"https:\/\/www.puszczyk.info\/index.php?rest_route=\/wp\/v2\/posts\/6078\/revisions"}],"predecessor-version":[{"id":6086,"href":"https:\/\/www.puszczyk.info\/index.php?rest_route=\/wp\/v2\/posts\/6078\/revisions\/6086"}],"wp:attachment":[{"href":"https:\/\/www.puszczyk.info\/index.php?rest_route=%2Fwp%2Fv2%2Fmedia&parent=6078"}],"wp:term":[{"taxonomy":"category","embeddable":true,"href":"https:\/\/www.puszczyk.info\/index.php?rest_route=%2Fwp%2Fv2%2Fcategories&post=6078"},{"taxonomy":"post_tag","embeddable":true,"href":"https:\/\/www.puszczyk.info\/index.php?rest_route=%2Fwp%2Fv2%2Ftags&post=6078"}],"curies":[{"name":"wp","href":"https:\/\/api.w.org\/{rel}","templated":true}]}}