{"id":6199,"date":"2021-03-05T16:35:35","date_gmt":"2021-03-05T14:35:35","guid":{"rendered":"https:\/\/www.puszczyk.info\/?p=6199"},"modified":"2021-03-18T13:05:47","modified_gmt":"2021-03-18T11:05:47","slug":"prace-na-20-i-27-marca-2021-roku-zlecone-przez-lasy-panstwowe","status":"publish","type":"post","link":"https:\/\/www.puszczyk.info\/?p=6199","title":{"rendered":"AKTUALIZACJA 18.03.2021: Prace na 20 i 27 marca 2021 roku zlecone przez Lasy Pa\u0144stwowe"},"content":{"rendered":"\n<h2 class=\"wp-block-heading\"><span class=\"has-inline-color has-vivid-red-color\">AKTUALIZACJA 18.03.2021<\/span><\/h2>\n\n\n\n<p>W zwi\u0105zku z sytuacja epidemiczn\u0105 i og\u0142oszonym od 20 marca lockdown\u2019em na terenie ca\u0142ego kraju, w uzgodnieniu z Lasami Pa\u0144stwowymi Zarz\u0105d K\u0141 PUSZCZYK przek\u0142ada termin wykonania prac gospodarczych zaplanowanych na 20 i 27 marca.<\/p>\n\n\n\n<p>Nowy termin b\u0119dzie podany po zmianie sytuacji w kraju.<\/p>\n\n\n\n<p>Jednocze\u015bnie informujemy, ze zgodnie z og\u0142oszonymi obostrzeniami nie ma zakazuprzebywania w lesie ani tez zakazu polowa\u0144.<\/p>\n\n\n\n<hr class=\"wp-block-separator\"\/>\n\n\n\n<p>Drodzy koledzy,<\/p>\n\n\n\n<p>na 20 marca 2021 roku zaplanowane zosta\u0142y prace zlecone przez Lasy Pa\u0144stwowe zgodnie z opisem w tabeli:<\/p>\n\n\n\n<figure class=\"wp-block-table aligncenter\"><table><tbody><tr><td class=\"has-text-align-center\" data-align=\"center\"><strong>L.P<\/strong><\/td><td class=\"has-text-align-center\" data-align=\"center\"><strong>URZ\u0104DZENIE<\/strong><\/td><td class=\"has-text-align-center\" data-align=\"center\"><strong>LOKALIZACJA<\/strong><\/td><td class=\"has-text-align-center\" data-align=\"center\"><strong>ZAKRES PRAC<\/strong><\/td><td class=\"has-text-align-center\" data-align=\"center\"><strong>GR<\/strong><\/td><\/tr><tr><td class=\"has-text-align-center\" data-align=\"center\">119<\/td><td class=\"has-text-align-center\" data-align=\"center\">Pa\u015bnik<\/td><td class=\"has-text-align-center\" data-align=\"center\">blisko Starej Ambony do Dolince<\/td><td class=\"has-text-align-center\" data-align=\"center\">do remontu<\/td><td class=\"has-text-align-center\" data-align=\"center\">2<\/td><\/tr><tr><td class=\"has-text-align-center\" data-align=\"center\">109<\/td><td class=\"has-text-align-center\" data-align=\"center\">Ambona<\/td><td class=\"has-text-align-center\" data-align=\"center\">widoczna z drogi z Kwasowca do Rz\u0119dkowa<\/td><td class=\"has-text-align-center\" data-align=\"center\">do rozbi\u00f3rki<\/td><td class=\"has-text-align-center\" data-align=\"center\">2<\/td><\/tr><tr><td class=\"has-text-align-center\" data-align=\"center\">110<\/td><td class=\"has-text-align-center\" data-align=\"center\">Ambona<\/td><td class=\"has-text-align-center\" data-align=\"center\">od Zglinnej Ma\u0142ej - na \u015bcianie lasu<\/td><td class=\"has-text-align-center\" data-align=\"center\">do remontu<\/td><td class=\"has-text-align-center\" data-align=\"center\">2<\/td><\/tr><tr><td class=\"has-text-align-center\" data-align=\"center\">120<\/td><td class=\"has-text-align-center\" data-align=\"center\">Ambona<\/td><td class=\"has-text-align-center\" data-align=\"center\">Strzyboga w lesie na starych norach lisich, w lesie G\u00f3ralem<\/td><td class=\"has-text-align-center\" data-align=\"center\">do rozbi\u00f3rki - zabra\u0107 dach bez uszkodze\u0144<\/td><td class=\"has-text-align-center\" data-align=\"center\">3<\/td><\/tr><tr><td class=\"has-text-align-center\" data-align=\"center\">113<\/td><td class=\"has-text-align-center\" data-align=\"center\">Zwy\u017cka<\/td><td class=\"has-text-align-center\" data-align=\"center\">zwy\u017cka przy ambonie nr 1 Dukaczew<\/td><td class=\"has-text-align-center\" data-align=\"center\">do remontu<\/td><td class=\"has-text-align-center\" data-align=\"center\">3<\/td><\/tr><tr><td class=\"has-text-align-center\" data-align=\"center\">114<\/td><td class=\"has-text-align-center\" data-align=\"center\">Ambona<\/td><td class=\"has-text-align-center\" data-align=\"center\">ambona nr 1 Dukaczew<\/td><td class=\"has-text-align-center\" data-align=\"center\">do rozbi\u00f3rki<\/td><td class=\"has-text-align-center\" data-align=\"center\">3<\/td><\/tr><tr><td class=\"has-text-align-center\" data-align=\"center\">117<\/td><td class=\"has-text-align-center\" data-align=\"center\">Zwy\u017cka<\/td><td class=\"has-text-align-center\" data-align=\"center\">Dukaczew las przy Policjancie<\/td><td class=\"has-text-align-center\" data-align=\"center\">do rozbi\u00f3rki<\/td><td class=\"has-text-align-center\" data-align=\"center\">1<\/td><\/tr><tr><td class=\"has-text-align-center\" data-align=\"center\">118<\/td><td class=\"has-text-align-center\" data-align=\"center\">Ambona<\/td><td class=\"has-text-align-center\" data-align=\"center\">Ambona na \u015awierkach - Dukaczew<\/td><td class=\"has-text-align-center\" data-align=\"center\">do remontu<\/td><td class=\"has-text-align-center\" data-align=\"center\">1<\/td><\/tr><tr><td class=\"has-text-align-center\" data-align=\"center\">119<\/td><td class=\"has-text-align-center\" data-align=\"center\">Pa\u015bnik<\/td><td class=\"has-text-align-center\" data-align=\"center\">blisko na \u015awierkach - Dukaczew<\/td><td class=\"has-text-align-center\" data-align=\"center\">do remontu<\/td><td class=\"has-text-align-center\" data-align=\"center\">1<\/td><\/tr><\/tbody><\/table><\/figure>\n\n\n\n<p>Podzia\u0142 na grupy:<\/p>\n\n\n\n<figure class=\"wp-block-table aligncenter\"><table><tbody><tr><td class=\"has-text-align-center\" data-align=\"center\"><strong>1<\/strong><\/td><td class=\"has-text-align-center\" data-align=\"center\"><strong>2<\/strong><\/td><td class=\"has-text-align-center\" data-align=\"center\">3<\/td><\/tr><tr><td class=\"has-text-align-center\" data-align=\"center\"><strong>Z. Hamu\u0142ka<\/strong><\/td><td class=\"has-text-align-center\" data-align=\"center\"><strong>A. Mr\u00f3z<\/strong><\/td><td class=\"has-text-align-center\" data-align=\"center\"><strong>R.Kosmatka<\/strong><\/td><\/tr><tr><td class=\"has-text-align-center\" data-align=\"center\">H. Lizak<\/td><td class=\"has-text-align-center\" data-align=\"center\">M. Majchrowski<\/td><td class=\"has-text-align-center\" data-align=\"center\">M. Nowakowski<\/td><\/tr><tr><td class=\"has-text-align-center\" data-align=\"center\">T. Piszczelski<\/td><td class=\"has-text-align-center\" data-align=\"center\">O. Krasucki<\/td><td class=\"has-text-align-center\" data-align=\"center\">A. Rzeszotarski<\/td><\/tr><tr><td class=\"has-text-align-center\" data-align=\"center\">P. Lasota<\/td><td class=\"has-text-align-center\" data-align=\"center\">M. Or\u0142owski<\/td><td class=\"has-text-align-center\" data-align=\"center\">J. Wi\u015bniewski<\/td><\/tr><tr><td class=\"has-text-align-center\" data-align=\"center\">M. Nowicki<\/td><td class=\"has-text-align-center\" data-align=\"center\">P. Burchard<\/td><td class=\"has-text-align-center\" data-align=\"center\">K.Pi\u0119tka<br>T. Chibowski<\/td><\/tr><\/tbody><\/table><\/figure>\n\n\n\n<p>Prosz\u0119 o wzajemne skontaktowanie si\u0119 w ramach grup i zabranie ze sob\u0105 posiadanych narz\u0119dzi pomocnych przy pracach remontowych.<\/p>\n\n\n\n<p>Koledzy maj\u0105cy pod opieka sta\u017cyst\u00f3w proszeni s\u0105 o ich zabranie i wsp\u00f3lny udzia\u0142 w pracach.<\/p>\n\n\n\n<p>W przypadku nie zako\u0144czenia prac w sobot\u0119 20 marca konieczny b\u0119dzie udzia\u0142 w pracach w dniu 27 marca. Wszystkie urz\u0105dzenia musz\u0105 zosta\u0107<br>naprawione b\u0105d\u017a usuni\u0119te do ko\u0144ca bie\u017c\u0105cego miesi\u0105ca.<\/p>\n\n\n\n<p><strong>Osoby spoza listy s\u0105 rowniez zobowi\u0105zane do obecno\u015bci w zaplanowanych na 20 i 27 marca pracach<\/strong>.<\/p>\n","protected":false},"excerpt":{"rendered":"<p>AKTUALIZACJA 18.03.2021 W zwi\u0105zku z sytuacja epidemiczn\u0105 i og\u0142oszonym od 20 marca lockdown\u2019em na terenie ca\u0142ego kraju, w uzgodnieniu z Lasami Pa\u0144stwowymi Zarz\u0105d K\u0141 PUSZCZYK przek\u0142ada termin wykonania prac gospodarczych zaplanowanych na 20 i 27 marca. Nowy termin b\u0119dzie podany po zmianie sytuacji w kraju. Jednocze\u015bnie informujemy, ze zgodnie z og\u0142oszonymi obostrzeniami nie ma zakazuprzebywania <a href=\"https:\/\/www.puszczyk.info\/?p=6199\" class=\"more-link\">Czytaj dalej...<span class=\"screen-reader-text\"> \"AKTUALIZACJA 18.03.2021: Prace na 20 i 27 marca 2021 roku zlecone przez Lasy Pa\u0144stwowe\"<\/span><\/a><\/p>\n","protected":false},"author":5,"featured_media":0,"comment_status":"closed","ping_status":"open","sticky":false,"template":"","format":"standard","meta":{"_bbp_topic_count":0,"_bbp_reply_count":0,"_bbp_total_topic_count":0,"_bbp_total_reply_count":0,"_bbp_voice_count":0,"_bbp_anonymous_reply_count":0,"_bbp_topic_count_hidden":0,"_bbp_reply_count_hidden":0,"_bbp_forum_subforum_count":0,"ngg_post_thumbnail":0,"footnotes":""},"categories":[1],"tags":[],"class_list":{"0":"post-6199","1":"post","2":"type-post","3":"status-publish","4":"format-standard","6":"category-uncategorized","7":"h-entry","8":"hentry","9":"h-as-article"},"publishpress_future_workflow_manual_trigger":{"enabledWorkflows":[]},"_links":{"self":[{"href":"https:\/\/www.puszczyk.info\/index.php?rest_route=\/wp\/v2\/posts\/6199","targetHints":{"allow":["GET"]}}],"collection":[{"href":"https:\/\/www.puszczyk.info\/index.php?rest_route=\/wp\/v2\/posts"}],"about":[{"href":"https:\/\/www.puszczyk.info\/index.php?rest_route=\/wp\/v2\/types\/post"}],"author":[{"embeddable":true,"href":"https:\/\/www.puszczyk.info\/index.php?rest_route=\/wp\/v2\/users\/5"}],"replies":[{"embeddable":true,"href":"https:\/\/www.puszczyk.info\/index.php?rest_route=%2Fwp%2Fv2%2Fcomments&post=6199"}],"version-history":[{"count":9,"href":"https:\/\/www.puszczyk.info\/index.php?rest_route=\/wp\/v2\/posts\/6199\/revisions"}],"predecessor-version":[{"id":6215,"href":"https:\/\/www.puszczyk.info\/index.php?rest_route=\/wp\/v2\/posts\/6199\/revisions\/6215"}],"wp:attachment":[{"href":"https:\/\/www.puszczyk.info\/index.php?rest_route=%2Fwp%2Fv2%2Fmedia&parent=6199"}],"wp:term":[{"taxonomy":"category","embeddable":true,"href":"https:\/\/www.puszczyk.info\/index.php?rest_route=%2Fwp%2Fv2%2Fcategories&post=6199"},{"taxonomy":"post_tag","embeddable":true,"href":"https:\/\/www.puszczyk.info\/index.php?rest_route=%2Fwp%2Fv2%2Ftags&post=6199"}],"curies":[{"name":"wp","href":"https:\/\/api.w.org\/{rel}","templated":true}]}}