{"id":6284,"date":"2022-03-07T00:00:35","date_gmt":"2022-03-06T22:00:35","guid":{"rendered":"https:\/\/www.puszczyk.info\/?p=6284"},"modified":"2022-03-07T00:06:51","modified_gmt":"2022-03-06T22:06:51","slug":"wernisaz-wystawy-prac-tomasza-motyla","status":"publish","type":"post","link":"https:\/\/www.puszczyk.info\/?p=6284","title":{"rendered":"Wernisa\u017c wystawy prac Tomasza Motyla"},"content":{"rendered":"\n<p>Koledzy,<\/p>\n\n\n\n<p>Serdecznie zapraszam na wernisa\u017c wystawy prac Tomasza Motyla po\u0142\u0105czony z promocj\u0105 albumu:<\/p>\n\n\n\n<blockquote class=\"wp-block-quote is-layout-flow wp-block-quote-is-layout-flow\"><p><\/p><cite>PASTELOWE WSPOMNIENIA: m\u00f3j makro- i mikro\u015bwiat<\/cite><\/blockquote>\n\n\n\n<p>Wernisa\u017c odb\u0119dzie si\u0119 2 kwietnia 2022 r. o godzinie 12:00 w Muzeum Rolnictwa im. ks. Krzysztofa Kluka w Ciechanowcu.<\/p>\n\n\n\n<div data-wp-interactive=\"core\/file\" class=\"wp-block-file\"><object data-wp-bind--hidden=\"!state.hasPdfPreview\" hidden class=\"wp-block-file__embed\" data=\"https:\/\/www.puszczyk.info\/wp-content\/uploads\/2022\/03\/pastelowe-wspomnienia_plakat.pdf\" type=\"application\/pdf\" style=\"width:100%;height:600px\" aria-label=\"Osadzone z Osadzone z pastelowe-wspomnienia_plakat..\"><\/object><a href=\"https:\/\/www.puszczyk.info\/wp-content\/uploads\/2022\/03\/pastelowe-wspomnienia_plakat.pdf\">pastelowe-wspomnienia_plakat<\/a><a href=\"https:\/\/www.puszczyk.info\/wp-content\/uploads\/2022\/03\/pastelowe-wspomnienia_plakat.pdf\" class=\"wp-block-file__button\" download>Pobierz<\/a><\/div>\n\n\n\n<div data-wp-interactive=\"core\/file\" class=\"wp-block-file\"><object data-wp-bind--hidden=\"!state.hasPdfPreview\" hidden class=\"wp-block-file__embed\" data=\"https:\/\/www.puszczyk.info\/wp-content\/uploads\/2022\/03\/pastelowe-wspomnienia_zaproszenie.pdf\" type=\"application\/pdf\" style=\"width:100%;height:600px\" aria-label=\"Osadzone z Osadzone z pastelowe-wspomnienia_zaproszenie..\"><\/object><a href=\"https:\/\/www.puszczyk.info\/wp-content\/uploads\/2022\/03\/pastelowe-wspomnienia_zaproszenie.pdf\">pastelowe-wspomnienia_zaproszenie<\/a><a href=\"https:\/\/www.puszczyk.info\/wp-content\/uploads\/2022\/03\/pastelowe-wspomnienia_zaproszenie.pdf\" class=\"wp-block-file__button\" download>Pobierz<\/a><\/div>\n","protected":false},"excerpt":{"rendered":"<p>Koledzy, Serdecznie zapraszam na wernisa\u017c wystawy prac Tomasza Motyla po\u0142\u0105czony z promocj\u0105 albumu: PASTELOWE WSPOMNIENIA: m\u00f3j makro- i mikro\u015bwiat Wernisa\u017c odb\u0119dzie si\u0119 2 kwietnia 2022 r. o godzinie 12:00 w Muzeum Rolnictwa im. ks. Krzysztofa Kluka w Ciechanowcu.<\/p>\n","protected":false},"author":5,"featured_media":0,"comment_status":"closed","ping_status":"open","sticky":false,"template":"","format":"standard","meta":{"_bbp_topic_count":0,"_bbp_reply_count":0,"_bbp_total_topic_count":0,"_bbp_total_reply_count":0,"_bbp_voice_count":0,"_bbp_anonymous_reply_count":0,"_bbp_topic_count_hidden":0,"_bbp_reply_count_hidden":0,"_bbp_forum_subforum_count":0,"ngg_post_thumbnail":0,"footnotes":""},"categories":[1],"tags":[],"class_list":{"0":"post-6284","1":"post","2":"type-post","3":"status-publish","4":"format-standard","6":"category-uncategorized","7":"h-entry","8":"hentry","9":"h-as-article"},"publishpress_future_workflow_manual_trigger":{"enabledWorkflows":[]},"_links":{"self":[{"href":"https:\/\/www.puszczyk.info\/index.php?rest_route=\/wp\/v2\/posts\/6284","targetHints":{"allow":["GET"]}}],"collection":[{"href":"https:\/\/www.puszczyk.info\/index.php?rest_route=\/wp\/v2\/posts"}],"about":[{"href":"https:\/\/www.puszczyk.info\/index.php?rest_route=\/wp\/v2\/types\/post"}],"author":[{"embeddable":true,"href":"https:\/\/www.puszczyk.info\/index.php?rest_route=\/wp\/v2\/users\/5"}],"replies":[{"embeddable":true,"href":"https:\/\/www.puszczyk.info\/index.php?rest_route=%2Fwp%2Fv2%2Fcomments&post=6284"}],"version-history":[{"count":3,"href":"https:\/\/www.puszczyk.info\/index.php?rest_route=\/wp\/v2\/posts\/6284\/revisions"}],"predecessor-version":[{"id":6290,"href":"https:\/\/www.puszczyk.info\/index.php?rest_route=\/wp\/v2\/posts\/6284\/revisions\/6290"}],"wp:attachment":[{"href":"https:\/\/www.puszczyk.info\/index.php?rest_route=%2Fwp%2Fv2%2Fmedia&parent=6284"}],"wp:term":[{"taxonomy":"category","embeddable":true,"href":"https:\/\/www.puszczyk.info\/index.php?rest_route=%2Fwp%2Fv2%2Fcategories&post=6284"},{"taxonomy":"post_tag","embeddable":true,"href":"https:\/\/www.puszczyk.info\/index.php?rest_route=%2Fwp%2Fv2%2Ftags&post=6284"}],"curies":[{"name":"wp","href":"https:\/\/api.w.org\/{rel}","templated":true}]}}