{"id":6322,"date":"2022-06-09T11:20:04","date_gmt":"2022-06-09T09:20:04","guid":{"rendered":"https:\/\/www.puszczyk.info\/?p=6322"},"modified":"2022-06-14T23:25:58","modified_gmt":"2022-06-14T21:25:58","slug":"walne-zgromadzenie-czlonkow-kola-25-06-2022","status":"publish","type":"post","link":"https:\/\/www.puszczyk.info\/?p=6322","title":{"rendered":"Walne Zgromadzenia Cz\u0142onk\u00f3w Ko\u0142a 25\/06\/2022"},"content":{"rendered":"\n<h1 class=\"has-text-align-center wp-block-heading\">Zawiadomienie<\/h1>\n\n\n\n<p class=\"has-text-align-center\"><strong>ZARZ\u0104D KO\u0141A \u0141OWIECKIEGO PUSZCZYK w Warszawie<\/strong><\/p>\n\n\n\n<p class=\"has-text-align-center\">zwo\u0142uje w dniu <strong>25 czerwca 2022r.<\/strong> o godz. 10.00 w pierwszym terminie i o godz. 10.30 w drugim terminie<\/p>\n\n\n\n<p class=\"has-text-align-center\"><strong>WALNE ZGROMADZENIE CZ\u0141ONK\u00d3W KO\u0141A<br>w Kwaterze My\u015bliwskiej K\u0141 PUSZCZYK w Zalesiu<\/strong><\/p>\n\n\n\n<p><strong>Porz\u0105dek Walnego Zgromadzenia:<\/strong><\/p>\n\n\n\n<ol class=\"wp-block-list\"><li>Otwarcie Walnego Zgromadzenia<\/li><li>Stwierdzenie prawomocno\u015bci obrad<\/li><li>Wyb\u00f3r przewodnicz\u0105cego i sekretarza Walnego Zgromadzenia<\/li><li>Odczytanie porz\u0105dku obrad Walnego Zgromadzenia.<\/li><li>Zatwierdzenie protoko\u0142u z poprzedniego Walnego Zgromadzenia 2021<\/li><li>Wyb\u00f3r Komisji Uchwa\u0142 i Skrutacyjnej<\/li><li>Sprawozdanie z dzia\u0142alno\u015bci Zarz\u0105du za rok 2021\/22 w tym: prezesa, \u0142owczego, sekretarza i<br>skarbnika.<\/li><li>Sprawozdanie Komisji Rewizyjnej z kontroli dzia\u0142alno\u015bci Ko\u0142a za rok 2021\/22 oraz wniosek w sprawie absolutorium dla poszczeg\u00f3lnych cz\u0142onk\u00f3w Zarz\u0105du Ko\u0142a.<\/li><li>Dyskusja nad sprawozdaniami.<\/li><li>Podj\u0119cie uchwa\u0142y w sprawie zatwierdzenia sprawozdania z dzia\u0142alno\u015bci Zarz\u0105du za rok 2021\/22<\/li><li>Podj\u0119cie uchwa\u0142y w sprawie zatwierdzenia sprawozdania z wykonania bud\u017cetu za rok 2021\/22<\/li><li>Podj\u0119cie uchwa\u0142y w sprawie zatwierdzenie sprawozdania Komisji Rewizyjnej za rok 2021\/22<\/li><li>Podj\u0119cie uchwa\u0142y w sprawie absolutorium dla poszczeg\u00f3lnych cz\u0142onk\u00f3w Zarz\u0105du<\/li><li>Wybory uzupe\u0142niaj\u0105ce sk\u0142adu osobowego Zarz\u0105du<\/li><li>Dyskusja i podj\u0119cie uchwa\u0142 w sprawie przyj\u0119cia preliminarza bud\u017cetowego na rok gospodarczy<br>2022\/2023<\/li><li>Wolne wnioski, sprawy r\u00f3\u017cne<\/li><li>Zako\u0144czenie obrad i zamkni\u0119cie Zgromadzenia<\/li><\/ol>\n\n\n\n<p><strong>Ze wzgl\u0119du na wag\u0119 poruszanych spraw Zarz\u0105d Ko\u0142a prosi koleg\u00f3w o niezawodne przybycie.<\/strong><\/p>\n\n\n\n<p>DARZ B\u00d3R.<\/p>\n\n\n\n<p>W imieniu Zarz\u0105du<br>Hubert Lizak<br>Sekretarz<\/p>\n\n\n\n<div data-wp-interactive=\"core\/file\" class=\"wp-block-file\"><object data-wp-bind--hidden=\"!state.hasPdfPreview\" hidden class=\"wp-block-file__embed\" data=\"https:\/\/www.puszczyk.info\/wp-content\/uploads\/2022\/06\/Walne-PUSZCZYK-2022.pdf\" type=\"application\/pdf\" style=\"width:100%;height:600px\" aria-label=\"Osadzone z Osadzone z Walne-PUSZCZYK-2022..\"><\/object><a id=\"wp-block-file--media-f6ebfc39-8fb5-4005-8f95-cfba09459144\" href=\"https:\/\/www.puszczyk.info\/wp-content\/uploads\/2022\/06\/Walne-PUSZCZYK-2022.pdf\">Walne-PUSZCZYK-2022<\/a><a href=\"https:\/\/www.puszczyk.info\/wp-content\/uploads\/2022\/06\/Walne-PUSZCZYK-2022.pdf\" class=\"wp-block-file__button\" download aria-describedby=\"wp-block-file--media-f6ebfc39-8fb5-4005-8f95-cfba09459144\">Pobierz<\/a><\/div>\n\n\n\n<p><\/p>\n","protected":false},"excerpt":{"rendered":"<p>Zawiadomienie ZARZ\u0104D KO\u0141A \u0141OWIECKIEGO PUSZCZYK w Warszawie zwo\u0142uje w dniu 25 czerwca 2022r. o godz. 10.00 w pierwszym terminie i o godz. 10.30 w drugim terminie WALNE ZGROMADZENIE CZ\u0141ONK\u00d3W KO\u0141Aw Kwaterze My\u015bliwskiej K\u0141 PUSZCZYK w Zalesiu Porz\u0105dek Walnego Zgromadzenia: Otwarcie Walnego Zgromadzenia Stwierdzenie prawomocno\u015bci obrad Wyb\u00f3r przewodnicz\u0105cego i sekretarza Walnego Zgromadzenia Odczytanie porz\u0105dku obrad Walnego <a href=\"https:\/\/www.puszczyk.info\/?p=6322\" class=\"more-link\">Czytaj dalej...<span class=\"screen-reader-text\"> \"Walne Zgromadzenia Cz\u0142onk\u00f3w Ko\u0142a 25\/06\/2022\"<\/span><\/a><\/p>\n","protected":false},"author":7,"featured_media":0,"comment_status":"closed","ping_status":"open","sticky":false,"template":"","format":"standard","meta":{"_bbp_topic_count":0,"_bbp_reply_count":0,"_bbp_total_topic_count":0,"_bbp_total_reply_count":0,"_bbp_voice_count":0,"_bbp_anonymous_reply_count":0,"_bbp_topic_count_hidden":0,"_bbp_reply_count_hidden":0,"_bbp_forum_subforum_count":0,"ngg_post_thumbnail":0,"footnotes":""},"categories":[1],"tags":[],"class_list":{"0":"post-6322","1":"post","2":"type-post","3":"status-publish","4":"format-standard","6":"category-uncategorized","7":"h-entry","8":"hentry","9":"h-as-article"},"publishpress_future_workflow_manual_trigger":{"enabledWorkflows":[]},"_links":{"self":[{"href":"https:\/\/www.puszczyk.info\/index.php?rest_route=\/wp\/v2\/posts\/6322","targetHints":{"allow":["GET"]}}],"collection":[{"href":"https:\/\/www.puszczyk.info\/index.php?rest_route=\/wp\/v2\/posts"}],"about":[{"href":"https:\/\/www.puszczyk.info\/index.php?rest_route=\/wp\/v2\/types\/post"}],"author":[{"embeddable":true,"href":"https:\/\/www.puszczyk.info\/index.php?rest_route=\/wp\/v2\/users\/7"}],"replies":[{"embeddable":true,"href":"https:\/\/www.puszczyk.info\/index.php?rest_route=%2Fwp%2Fv2%2Fcomments&post=6322"}],"version-history":[{"count":3,"href":"https:\/\/www.puszczyk.info\/index.php?rest_route=\/wp\/v2\/posts\/6322\/revisions"}],"predecessor-version":[{"id":6338,"href":"https:\/\/www.puszczyk.info\/index.php?rest_route=\/wp\/v2\/posts\/6322\/revisions\/6338"}],"wp:attachment":[{"href":"https:\/\/www.puszczyk.info\/index.php?rest_route=%2Fwp%2Fv2%2Fmedia&parent=6322"}],"wp:term":[{"taxonomy":"category","embeddable":true,"href":"https:\/\/www.puszczyk.info\/index.php?rest_route=%2Fwp%2Fv2%2Fcategories&post=6322"},{"taxonomy":"post_tag","embeddable":true,"href":"https:\/\/www.puszczyk.info\/index.php?rest_route=%2Fwp%2Fv2%2Ftags&post=6322"}],"curies":[{"name":"wp","href":"https:\/\/api.w.org\/{rel}","templated":true}]}}